{"id":4436,"date":"2021-06-23T10:07:19","date_gmt":"2021-06-23T08:07:19","guid":{"rendered":"https:\/\/cloth.be\/?p=4436"},"modified":"2022-05-04T10:28:28","modified_gmt":"2022-05-04T08:28:28","slug":"webinaire-le-webmarketing-pour-mon-entreprise-24-06-21-a-18h","status":"publish","type":"post","link":"https:\/\/cloth.be\/fr\/webinaire-le-webmarketing-pour-mon-entreprise-24-06-21-a-18h\/","title":{"rendered":"Webinaire &#8211; Le webmarketing pour mon entreprise &#8211; 24.06.21 \u00e0 18h"},"content":{"rendered":"<p>Le jeudi 24 juin 2021, de 18h00 \u00e0 19h30, aura lieu le troisi\u00e8me \u00e9v\u00e9nement de la s\u00e9rie de webinaires \u00a0\u00bb Tout reste diff\u00e9rent &#8211; Nos PME en mutation \u00ab\u00a0, organis\u00e9e et men\u00e9e par MSV en collaboration avec des intervenants sp\u00e9cialis\u00e9s et comp\u00e9tents issus d&rsquo;entreprises des Cantons de l&rsquo;Est. Nous sommes cette fois-ci sur la ligne de d\u00e9part et Sven, Devi et Joleen raconteront, du point de vue d&rsquo;une agence cr\u00e9ative, comment le webmarketing fonctionne le mieux pour les entreprises et ce \u00e0 quoi il faut faire attention. Vous \u00eates curieux ? Inscrivez-vous et regardez. Nous vous attendons avec impatience ! L&rsquo;inscription se fait via le lien suivant : https:\/\/mittelstand.be\/events\/webmarketing-ecommerce\/<\/p>\n","protected":false},"excerpt":{"rendered":"Le jeudi 24 juin 2021, de 18h00 \u00e0 19h30, aura lieu le troisi\u00e8me \u00e9v\u00e9nement de la s\u00e9rie de webinaires \u00a0\u00bb Tout reste diff\u00e9rent &#8211; Nos PME en mutation \u00ab\u00a0, organis\u00e9e et men\u00e9e par MSV en collaboration avec des intervenants sp\u00e9cialis\u00e9s et comp\u00e9tents issus d&rsquo;entreprises des Cantons de l&rsquo;Est. Nous sommes cette fois-ci sur la ligne [&hellip;]","protected":false},"author":2,"featured_media":3337,"comment_status":"closed","ping_status":"closed","sticky":false,"template":"","format":"standard","meta":{"_acf_changed":false,"inline_featured_image":false,"footnotes":""},"categories":[54],"tags":[],"class_list":["post-4436","post","type-post","status-publish","format-standard","has-post-thumbnail","hentry","category-news-fr"],"acf":[],"_links":{"self":[{"href":"https:\/\/cloth.be\/fr\/wp-json\/wp\/v2\/posts\/4436","targetHints":{"allow":["GET"]}}],"collection":[{"href":"https:\/\/cloth.be\/fr\/wp-json\/wp\/v2\/posts"}],"about":[{"href":"https:\/\/cloth.be\/fr\/wp-json\/wp\/v2\/types\/post"}],"author":[{"embeddable":true,"href":"https:\/\/cloth.be\/fr\/wp-json\/wp\/v2\/users\/2"}],"replies":[{"embeddable":true,"href":"https:\/\/cloth.be\/fr\/wp-json\/wp\/v2\/comments?post=4436"}],"version-history":[{"count":1,"href":"https:\/\/cloth.be\/fr\/wp-json\/wp\/v2\/posts\/4436\/revisions"}],"predecessor-version":[{"id":4438,"href":"https:\/\/cloth.be\/fr\/wp-json\/wp\/v2\/posts\/4436\/revisions\/4438"}],"wp:featuredmedia":[{"embeddable":true,"href":"https:\/\/cloth.be\/fr\/wp-json\/wp\/v2\/media\/3337"}],"wp:attachment":[{"href":"https:\/\/cloth.be\/fr\/wp-json\/wp\/v2\/media?parent=4436"}],"wp:term":[{"taxonomy":"category","embeddable":true,"href":"https:\/\/cloth.be\/fr\/wp-json\/wp\/v2\/categories?post=4436"},{"taxonomy":"post_tag","embeddable":true,"href":"https:\/\/cloth.be\/fr\/wp-json\/wp\/v2\/tags?post=4436"}],"curies":[{"name":"wp","href":"https:\/\/api.w.org\/{rel}","templated":true}]}}