{"id":4430,"date":"2021-10-14T10:02:54","date_gmt":"2021-10-14T08:02:54","guid":{"rendered":"https:\/\/cloth.be\/?p=4430"},"modified":"2022-05-04T10:27:33","modified_gmt":"2022-05-04T08:27:33","slug":"start2day-avec-rashida","status":"publish","type":"post","link":"https:\/\/cloth.be\/fr\/start2day-avec-rashida\/","title":{"rendered":"START2DAY avec Rashida"},"content":{"rendered":"<p>C&rsquo;est avec grand plaisir que nous avons pu donner aujourd&rsquo;hui \u00e0 Rashida un aper\u00e7u de notre quotidien ! Dans le cadre de la campagne START2DAY, soutenue par le CES, l&rsquo;agence pour l&#8217;emploi des Cantons de l&rsquo;Est et Info-Integration, Rashida a eu l&rsquo;occasion de respirer l&rsquo;air du m\u00e9tier de concepteur de m\u00e9dias. Nos apprentis l&rsquo;ont accompagn\u00e9e toute la journ\u00e9e et lui ont montr\u00e9 les diff\u00e9rents domaines de notre activit\u00e9. Une exp\u00e9rience formidable non seulement pour Rashida, mais aussi pour nous ! La BRF a d&rsquo;ailleurs film\u00e9 un reportage sur la journ\u00e9e d&rsquo;aujourd&rsquo;hui &#8211; pour le visionner, il suffit de cliquer sur le bouton ci-dessous.<\/p>\n","protected":false},"excerpt":{"rendered":"C&rsquo;est avec grand plaisir que nous avons pu donner aujourd&rsquo;hui \u00e0 Rashida un aper\u00e7u de notre quotidien ! Dans le cadre de la campagne START2DAY, soutenue par le CES, l&rsquo;agence pour l&#8217;emploi des Cantons de l&rsquo;Est et Info-Integration, Rashida a eu l&rsquo;occasion de respirer l&rsquo;air du m\u00e9tier de concepteur de m\u00e9dias. Nos apprentis l&rsquo;ont accompagn\u00e9e [&hellip;]","protected":false},"author":2,"featured_media":3895,"comment_status":"closed","ping_status":"closed","sticky":false,"template":"","format":"standard","meta":{"_acf_changed":false,"inline_featured_image":false,"footnotes":""},"categories":[54],"tags":[],"class_list":["post-4430","post","type-post","status-publish","format-standard","has-post-thumbnail","hentry","category-news-fr"],"acf":[],"_links":{"self":[{"href":"https:\/\/cloth.be\/fr\/wp-json\/wp\/v2\/posts\/4430","targetHints":{"allow":["GET"]}}],"collection":[{"href":"https:\/\/cloth.be\/fr\/wp-json\/wp\/v2\/posts"}],"about":[{"href":"https:\/\/cloth.be\/fr\/wp-json\/wp\/v2\/types\/post"}],"author":[{"embeddable":true,"href":"https:\/\/cloth.be\/fr\/wp-json\/wp\/v2\/users\/2"}],"replies":[{"embeddable":true,"href":"https:\/\/cloth.be\/fr\/wp-json\/wp\/v2\/comments?post=4430"}],"version-history":[{"count":1,"href":"https:\/\/cloth.be\/fr\/wp-json\/wp\/v2\/posts\/4430\/revisions"}],"predecessor-version":[{"id":4431,"href":"https:\/\/cloth.be\/fr\/wp-json\/wp\/v2\/posts\/4430\/revisions\/4431"}],"wp:featuredmedia":[{"embeddable":true,"href":"https:\/\/cloth.be\/fr\/wp-json\/wp\/v2\/media\/3895"}],"wp:attachment":[{"href":"https:\/\/cloth.be\/fr\/wp-json\/wp\/v2\/media?parent=4430"}],"wp:term":[{"taxonomy":"category","embeddable":true,"href":"https:\/\/cloth.be\/fr\/wp-json\/wp\/v2\/categories?post=4430"},{"taxonomy":"post_tag","embeddable":true,"href":"https:\/\/cloth.be\/fr\/wp-json\/wp\/v2\/tags?post=4430"}],"curies":[{"name":"wp","href":"https:\/\/api.w.org\/{rel}","templated":true}]}}